{"id":821,"date":"2021-11-15T11:52:07","date_gmt":"2021-11-15T10:52:07","guid":{"rendered":"https:\/\/eurocontain.de\/?p=821"},"modified":"2023-12-19T12:32:18","modified_gmt":"2023-12-19T11:32:18","slug":"installation-de-conteneurs-geldern","status":"publish","type":"post","link":"https:\/\/eurocontain.de\/fr\/installation-de-conteneurs-geldern\/","title":{"rendered":"Installation de conteneurs \u00e0 Geldern \/ Bas-Rhin"},"content":{"rendered":"<p>Installation de conteneurs pour une exploitation agricole \u00e0 Geldern\/ Bas-Rhin comprenant :<br>- 3 unit\u00e9s de conteneurs r\u00e9sidentiels 6,0 x 3,0m<br>- 3 pi\u00e8ces Grande salle \/ Salle de pause 54,0m<br>- Peinture selon les souhaits du client<\/p>\n\n\n\n<figure class=\"wp-block-gallery has-nested-images columns-default is-cropped wp-block-gallery-1 is-layout-flex wp-block-gallery-is-layout-flex\">\n<figure class=\"wp-block-image size-large\"><img fetchpriority=\"high\" decoding=\"async\" width=\"800\" height=\"563\" data-id=\"831\" src=\"https:\/\/eurocontain.de\/wp-content\/uploads\/2022\/06\/Eurocontain_News_Containeranlage-Geldern_2.jpg\" alt=\"\" class=\"wp-image-831\" title=\"\" srcset=\"https:\/\/eurocontain.de\/wp-content\/uploads\/2022\/06\/Eurocontain_News_Containeranlage-Geldern_2.jpg 800w, https:\/\/eurocontain.de\/wp-content\/uploads\/2022\/06\/Eurocontain_News_Containeranlage-Geldern_2-600x422.jpg 600w, https:\/\/eurocontain.de\/wp-content\/uploads\/2022\/06\/Eurocontain_News_Containeranlage-Geldern_2-300x211.jpg 300w, https:\/\/eurocontain.de\/wp-content\/uploads\/2022\/06\/Eurocontain_News_Containeranlage-Geldern_2-768x540.jpg 768w\" sizes=\"(max-width: 800px) 100vw, 800px\" \/><\/figure>\n\n\n\n<figure class=\"wp-block-image size-large\"><img decoding=\"async\" width=\"1000\" height=\"563\" data-id=\"829\" src=\"https:\/\/eurocontain.de\/wp-content\/uploads\/2022\/06\/Eurocontain_News_Containeranlage-Geldern_3.jpg\" alt=\"\" class=\"wp-image-829\" title=\"\" srcset=\"https:\/\/eurocontain.de\/wp-content\/uploads\/2022\/06\/Eurocontain_News_Containeranlage-Geldern_3.jpg 1000w, https:\/\/eurocontain.de\/wp-content\/uploads\/2022\/06\/Eurocontain_News_Containeranlage-Geldern_3-600x338.jpg 600w, https:\/\/eurocontain.de\/wp-content\/uploads\/2022\/06\/Eurocontain_News_Containeranlage-Geldern_3-300x169.jpg 300w, https:\/\/eurocontain.de\/wp-content\/uploads\/2022\/06\/Eurocontain_News_Containeranlage-Geldern_3-768x432.jpg 768w\" sizes=\"(max-width: 1000px) 100vw, 1000px\" \/><\/figure>\n\n\n\n<figure class=\"wp-block-image size-large\"><img decoding=\"async\" width=\"1000\" height=\"563\" data-id=\"830\" src=\"https:\/\/eurocontain.de\/wp-content\/uploads\/2022\/06\/Eurocontain_News_Containeranlage-Geldern_4.jpg\" alt=\"\" class=\"wp-image-830\" title=\"\" srcset=\"https:\/\/eurocontain.de\/wp-content\/uploads\/2022\/06\/Eurocontain_News_Containeranlage-Geldern_4.jpg 1000w, https:\/\/eurocontain.de\/wp-content\/uploads\/2022\/06\/Eurocontain_News_Containeranlage-Geldern_4-600x338.jpg 600w, https:\/\/eurocontain.de\/wp-content\/uploads\/2022\/06\/Eurocontain_News_Containeranlage-Geldern_4-300x169.jpg 300w, https:\/\/eurocontain.de\/wp-content\/uploads\/2022\/06\/Eurocontain_News_Containeranlage-Geldern_4-768x432.jpg 768w\" sizes=\"(max-width: 1000px) 100vw, 1000px\" \/><\/figure>\n\n\n\n<figure class=\"wp-block-image size-large\"><img loading=\"lazy\" decoding=\"async\" width=\"600\" height=\"563\" data-id=\"827\" src=\"https:\/\/eurocontain.de\/wp-content\/uploads\/2022\/06\/Eurocontain_News_Containeranlage-Geldern_5.jpg\" alt=\"\" class=\"wp-image-827\" title=\"\" srcset=\"https:\/\/eurocontain.de\/wp-content\/uploads\/2022\/06\/Eurocontain_News_Containeranlage-Geldern_5.jpg 600w, https:\/\/eurocontain.de\/wp-content\/uploads\/2022\/06\/Eurocontain_News_Containeranlage-Geldern_5-300x282.jpg 300w\" sizes=\"(max-width: 600px) 100vw, 600px\" \/><\/figure>\n\n\n\n<figure class=\"wp-block-image size-large\"><img loading=\"lazy\" decoding=\"async\" width=\"600\" height=\"563\" data-id=\"828\" src=\"https:\/\/eurocontain.de\/wp-content\/uploads\/2022\/06\/Eurocontain_News_Containeranlage-Geldern_6.jpg\" alt=\"\" class=\"wp-image-828\" title=\"\" srcset=\"https:\/\/eurocontain.de\/wp-content\/uploads\/2022\/06\/Eurocontain_News_Containeranlage-Geldern_6.jpg 600w, https:\/\/eurocontain.de\/wp-content\/uploads\/2022\/06\/Eurocontain_News_Containeranlage-Geldern_6-300x282.jpg 300w\" sizes=\"(max-width: 600px) 100vw, 600px\" \/><\/figure>\n<\/figure>","protected":false},"excerpt":{"rendered":"<p>Installation de conteneurs pour une exploitation agricole \u00e0 Geldern\/ Bas-Rhin compos\u00e9e de :- 3 conteneurs d'habitation 6,0 x 3,0m- 3 pi\u00e8ces de grande taille\/ salle de pause 54,0m\u00b2- Peinture selon le souhait du client<\/p>","protected":false},"author":2,"featured_media":825,"comment_status":"open","ping_status":"open","sticky":false,"template":"","format":"standard","meta":{"footnotes":""},"categories":[34],"tags":[],"class_list":["post-821","post","type-post","status-publish","format-standard","has-post-thumbnail","hentry","category-news"],"_links":{"self":[{"href":"https:\/\/eurocontain.de\/fr\/wp-json\/wp\/v2\/posts\/821","targetHints":{"allow":["GET"]}}],"collection":[{"href":"https:\/\/eurocontain.de\/fr\/wp-json\/wp\/v2\/posts"}],"about":[{"href":"https:\/\/eurocontain.de\/fr\/wp-json\/wp\/v2\/types\/post"}],"author":[{"embeddable":true,"href":"https:\/\/eurocontain.de\/fr\/wp-json\/wp\/v2\/users\/2"}],"replies":[{"embeddable":true,"href":"https:\/\/eurocontain.de\/fr\/wp-json\/wp\/v2\/comments?post=821"}],"version-history":[{"count":0,"href":"https:\/\/eurocontain.de\/fr\/wp-json\/wp\/v2\/posts\/821\/revisions"}],"wp:featuredmedia":[{"embeddable":true,"href":"https:\/\/eurocontain.de\/fr\/wp-json\/wp\/v2\/media\/825"}],"wp:attachment":[{"href":"https:\/\/eurocontain.de\/fr\/wp-json\/wp\/v2\/media?parent=821"}],"wp:term":[{"taxonomy":"category","embeddable":true,"href":"https:\/\/eurocontain.de\/fr\/wp-json\/wp\/v2\/categories?post=821"},{"taxonomy":"post_tag","embeddable":true,"href":"https:\/\/eurocontain.de\/fr\/wp-json\/wp\/v2\/tags?post=821"}],"curies":[{"name":"wp","href":"https:\/\/api.w.org\/{rel}","templated":true}]}}